{"id":4034,"date":"2022-11-14T21:54:11","date_gmt":"2022-11-14T20:54:11","guid":{"rendered":"https:\/\/airplastic.es\/?p=4034"},"modified":"2024-05-05T19:32:01","modified_gmt":"2024-05-05T18:32:01","slug":"somos-sustentaveis","status":"publish","type":"post","link":"https:\/\/airplastic.es\/pt-pt\/somos-sustentaveis\/","title":{"rendered":"SOMOS SUSTENT\u00c1VEIS"},"content":{"rendered":"<p>[vc_row css=&#8221;.vc_custom_1453128198958{margin-bottom: 0px !important;}&#8221;][vc_column][vc_column_text]Com esta iniciativa, a AIRPLASTIC procura uma maior prote\u00e7\u00e3o do ambiente atrav\u00e9s da utiliza\u00e7\u00e3o de <strong>energias renov\u00e1veis<\/strong>, bem como uma redu\u00e7\u00e3o da procura de eletricidade de quase 20%. Este investimento responde a um roteiro que come\u00e7amos h\u00e1 muito tempo para atingir nossos objetivos ODS de <strong>produ\u00e7\u00e3o e consumo respons\u00e1vei<\/strong>.<\/p>\n<p>Gra\u00e7as ao <strong>Plano de Recupera\u00e7\u00e3o, Transforma\u00e7\u00e3o e Resili\u00eancia financiado pela Uni\u00e3o Europeia, com os Fundos de Pr\u00f3xima Gera\u00e7\u00e3o<\/strong>, a Embalajes AIRPLASTIC recebeu 35% do or\u00e7amento total deste investimento.[\/vc_column_text][\/vc_column][\/vc_row]<\/p>\n","protected":false},"excerpt":{"rendered":"<p>A AirPlastic Packaging, comprometida com o meio ambiente e o desenvolvimento sustent\u00e1vel, est\u00e1 comprometida com o uso da energia solar, para o qual instalamos pain\u00e9is fotovoltaicos para autoconsumo em nossa f\u00e1brica.<\/p>\n","protected":false},"author":1,"featured_media":4026,"comment_status":"closed","ping_status":"closed","sticky":false,"template":"","format":"standard","meta":[],"categories":[64],"tags":[],"_links":{"self":[{"href":"https:\/\/airplastic.es\/pt-pt\/wp-json\/wp\/v2\/posts\/4034"}],"collection":[{"href":"https:\/\/airplastic.es\/pt-pt\/wp-json\/wp\/v2\/posts"}],"about":[{"href":"https:\/\/airplastic.es\/pt-pt\/wp-json\/wp\/v2\/types\/post"}],"author":[{"embeddable":true,"href":"https:\/\/airplastic.es\/pt-pt\/wp-json\/wp\/v2\/users\/1"}],"replies":[{"embeddable":true,"href":"https:\/\/airplastic.es\/pt-pt\/wp-json\/wp\/v2\/comments?post=4034"}],"version-history":[{"count":2,"href":"https:\/\/airplastic.es\/pt-pt\/wp-json\/wp\/v2\/posts\/4034\/revisions"}],"predecessor-version":[{"id":4142,"href":"https:\/\/airplastic.es\/pt-pt\/wp-json\/wp\/v2\/posts\/4034\/revisions\/4142"}],"wp:featuredmedia":[{"embeddable":true,"href":"https:\/\/airplastic.es\/pt-pt\/wp-json\/wp\/v2\/media\/4026"}],"wp:attachment":[{"href":"https:\/\/airplastic.es\/pt-pt\/wp-json\/wp\/v2\/media?parent=4034"}],"wp:term":[{"taxonomy":"category","embeddable":true,"href":"https:\/\/airplastic.es\/pt-pt\/wp-json\/wp\/v2\/categories?post=4034"},{"taxonomy":"post_tag","embeddable":true,"href":"https:\/\/airplastic.es\/pt-pt\/wp-json\/wp\/v2\/tags?post=4034"}],"curies":[{"name":"wp","href":"https:\/\/api.w.org\/{rel}","templated":true}]}}