{"id":4036,"date":"2022-11-14T21:58:30","date_gmt":"2022-11-14T20:58:30","guid":{"rendered":"https:\/\/airplastic.es\/?p=4036"},"modified":"2024-05-05T19:31:09","modified_gmt":"2024-05-05T18:31:09","slug":"nous-sommes-durables","status":"publish","type":"post","link":"https:\/\/airplastic.es\/fr\/nous-sommes-durables\/","title":{"rendered":"NOUS SOMMES DURABLES"},"content":{"rendered":"<p>[vc_row css=\u00a0\u00bb.vc_custom_1453128198958{margin-bottom: 0px !important;}\u00a0\u00bb][vc_column][vc_column_text]Avec cette initiative, AIRPLASTIC vise une plus grande protection de l&rsquo;environnement gr\u00e2ce \u00e0 l&rsquo;utilisation <strong>d&rsquo;\u00e9nergies renouvelables<\/strong>, ainsi qu&rsquo;une r\u00e9duction de la demande d&rsquo;\u00e9lectricit\u00e9 de pr\u00e8s de 20 %. Cet investissement r\u00e9pond \u00e0 une feuille de route que nous avons entam\u00e9e il y a longtemps pour atteindre nos objectifs SDG de <strong>production et de consommation responsables<\/strong>.<\/p>\n<p>Gr\u00e2ce au <strong>Plan de Relance, de Transformation et de R\u00e9silience financ\u00e9 par l&rsquo;Union Europ\u00e9enne, avec les Fonds Next Generation<\/strong>, AIRPLASTIC Packaging a re\u00e7u 35% du budget total de cet investissement.[\/vc_column_text][\/vc_column][\/vc_row]<\/p>\n","protected":false},"excerpt":{"rendered":"<p>AirPlastic Packaging, engag\u00e9 pour l&rsquo;environnement et le d\u00e9veloppement durable, s&rsquo;engage pour l&rsquo;utilisation de l&rsquo;\u00e9nergie solaire, pour laquelle nous avons install\u00e9 des panneaux photovolta\u00efques pour l&rsquo;autoconsommation dans notre usine.<\/p>\n","protected":false},"author":1,"featured_media":4025,"comment_status":"closed","ping_status":"closed","sticky":false,"template":"","format":"standard","meta":[],"categories":[63],"tags":[],"_links":{"self":[{"href":"https:\/\/airplastic.es\/fr\/wp-json\/wp\/v2\/posts\/4036"}],"collection":[{"href":"https:\/\/airplastic.es\/fr\/wp-json\/wp\/v2\/posts"}],"about":[{"href":"https:\/\/airplastic.es\/fr\/wp-json\/wp\/v2\/types\/post"}],"author":[{"embeddable":true,"href":"https:\/\/airplastic.es\/fr\/wp-json\/wp\/v2\/users\/1"}],"replies":[{"embeddable":true,"href":"https:\/\/airplastic.es\/fr\/wp-json\/wp\/v2\/comments?post=4036"}],"version-history":[{"count":3,"href":"https:\/\/airplastic.es\/fr\/wp-json\/wp\/v2\/posts\/4036\/revisions"}],"predecessor-version":[{"id":4141,"href":"https:\/\/airplastic.es\/fr\/wp-json\/wp\/v2\/posts\/4036\/revisions\/4141"}],"wp:featuredmedia":[{"embeddable":true,"href":"https:\/\/airplastic.es\/fr\/wp-json\/wp\/v2\/media\/4025"}],"wp:attachment":[{"href":"https:\/\/airplastic.es\/fr\/wp-json\/wp\/v2\/media?parent=4036"}],"wp:term":[{"taxonomy":"category","embeddable":true,"href":"https:\/\/airplastic.es\/fr\/wp-json\/wp\/v2\/categories?post=4036"},{"taxonomy":"post_tag","embeddable":true,"href":"https:\/\/airplastic.es\/fr\/wp-json\/wp\/v2\/tags?post=4036"}],"curies":[{"name":"wp","href":"https:\/\/api.w.org\/{rel}","templated":true}]}}